{"id":23590,"date":"2015-02-17T23:50:53","date_gmt":"2015-02-17T23:50:53","guid":{"rendered":"http:\/\/aidafolch.com\/?p=23590"},"modified":"2015-06-20T16:26:03","modified_gmt":"2015-06-20T16:26:03","slug":"shooting-cites","status":"publish","type":"post","link":"https:\/\/aidafolch.com\/en\/shooting-cites\/","title":{"rendered":"Shooting &#8220;Cites&#8221;!"},"content":{"rendered":"<section class=\"wpb-content-wrapper\"><h4><strong>Aida Folch is currently shooting\u00a0\u00a0&#8220;<a title=\"Serie Cites - Aida Folch\" href=\"http:\/\/aidafolch.com\/en\/portfolio_page\/cites\/\">Cites<\/a>&#8220;<\/strong>, the new series of TV3 (Regional Television of Catalonia). Based on the successful British series called &#8220;Dates&#8221;. The series is directed by<strong>\u00a0<em>Pau Freixas<\/em> and has featured actors like\u00a0<em>Eduardo Noriega, Aida Folch, Laia Costa, Ingrid Rubio, Jordi S\u00e1nchez, Eva Santolaria, Biel Duran, Nausicaa Bonn\u00edn, Bea Segura, Jordi Rico, Isak F\u00e9rriz<\/em>.<\/strong><\/h4>\n<p>[vc_row row_type=&#8221;row&#8221; use_row_as_full_screen_section=&#8221;no&#8221; type=&#8221;grid&#8221; icon_pack=&#8221;font_awesome&#8221; content_menu_fe_icon=&#8221;arrow_back&#8221; text_align=&#8221;left&#8221;][vc_column width=&#8221;1\/2&#8243;][vc_single_image image=&#8221;23573&#8243; border_color=&#8221;grey&#8221; img_link_target=&#8221;_self&#8221; img_size=&#8221;full&#8221; qode_css_animation=&#8221;element_from_left&#8221;][vc_separator type=&#8221;transparent&#8221; position=&#8221;center&#8221; up=&#8221;5&#8243; down=&#8221;5&#8243;][\/vc_column][vc_column width=&#8221;1\/2&#8243;][vc_separator type=&#8221;transparent&#8221; position=&#8221;center&#8221; up=&#8221;35&#8243; down=&#8221;35&#8243;][vc_column_text]<\/p>\n<h2>What is about the series?<\/h2>\n<p style=\"text-align: justify;\">The series, which <strong>combines drama and comedy<\/strong>, <strong>tackles the world of blind dates through characters that will be crossing each other<\/strong> and that viewers will rediscovering them throughout the season.[\/vc_column_text][vc_separator type=&#8221;transparent&#8221; position=&#8221;center&#8221; up=&#8221;5&#8243; down=&#8221;5&#8243;][\/vc_column][\/vc_row][vc_row row_type=&#8221;row&#8221; use_row_as_full_screen_section=&#8221;no&#8221; type=&#8221;grid&#8221; icon_pack=&#8221;font_awesome&#8221; content_menu_fe_icon=&#8221;arrow_back&#8221; text_align=&#8221;left&#8221;][vc_column width=&#8221;1\/2&#8243;][vc_separator type=&#8221;transparent&#8221; position=&#8221;center&#8221; up=&#8221;25&#8243; down=&#8221;25&#8243;][vc_column_text]<\/p>\n<h2 style=\"text-align: left;\">VIDEO<\/h2>\n<p style=\"text-align: justify;\">From <strong><a href=\"http:\/\/www.ccma.cat\/tv3\/alacarta\/Telenoticies-migdia\/Rodatge-de-la-nova-serie-de-TV3-Cites\/video\/5468684\/\" target=\"_blank\">here<\/a><\/strong>, You can see a video (in Catalan), recorded by TV3, which shows both <strong> moments of shooting<\/strong> as <strong>Aida Folch and Eduardo Noriega comments about the characters<\/strong>.<\/p>\n<p>[\/vc_column_text][vc_separator type=&#8221;transparent&#8221; position=&#8221;center&#8221; up=&#8221;5&#8243; down=&#8221;5&#8243;][\/vc_column][vc_column width=&#8221;1\/2&#8243;][vc_single_image image=&#8221;23577&#8243; border_color=&#8221;grey&#8221; img_link_target=&#8221;_blank&#8221; img_size=&#8221;full&#8221; qode_css_animation=&#8221;element_from_right&#8221; link=&#8221;http:\/\/www.ccma.cat\/tv3\/alacarta\/Telenoticies-migdia\/Rodatge-de-la-nova-serie-de-TV3-Cites\/video\/5468684\/&#8221;][vc_separator type=&#8221;transparent&#8221; position=&#8221;center&#8221; up=&#8221;5&#8243; down=&#8221;5&#8243;][\/vc_column][\/vc_row]<\/p>\n<\/section>","protected":false},"excerpt":{"rendered":"<p>Aida Folch is currently shooting  &#8220;Cites&#8221;, the new series of TV3 (Regional Television of Catalonia). Based on the successful British series called &#8220;Dates&#8221;. The series is directed by Pau Freixas and has featured actors like Eduardo Noriega, Aida Folch, Laia Costa, Ingrid Rubio, Jordi S\u00e1nchez, Eva Santolaria, Biel Duran, Nausicaa Bonn\u00edn, Bea Segura, Jordi Rico, Isak F\u00e9rriz.<\/p>\n","protected":false},"author":1,"featured_media":23574,"comment_status":"open","ping_status":"open","sticky":false,"template":"","format":"standard","meta":{"footnotes":""},"categories":[620,621,628,629,794,630],"tags":[1378,650,1632,1630,1377,1384,1376,1375,663,1385,1380,1626,1629,1614,1633,1613,1628,1627,1631,1379,1381,1382,1609,1612,873],"class_list":["post-23590","post","type-post","status-publish","format-standard","has-post-thumbnail","hentry","category-interview","category-photos-en","category-projects","category-reports","category-series-en","category-video-en","tag-2015-en-2","tag-aida-folch-en","tag-bea-segura-en","tag-biel-duran-en","tag-catalan-en-2","tag-characters","tag-citas-en","tag-cites-en","tag-comedy","tag-dates","tag-drama-en-2","tag-eduardo-noriega-en","tag-eva-santolaria-en","tag-ingrid-rubio-en","tag-isak-ferriz-en","tag-jordi-rico-en","tag-jordi-sanchez-en","tag-laia-costa-en","tag-nausicaa-bonnin-en","tag-pau-freixas-en","tag-personajes-en","tag-rodando-en","tag-serie-en","tag-tv3-en","tag-video-en-2"],"_links":{"self":[{"href":"https:\/\/aidafolch.com\/en\/wp-json\/wp\/v2\/posts\/23590","targetHints":{"allow":["GET"]}}],"collection":[{"href":"https:\/\/aidafolch.com\/en\/wp-json\/wp\/v2\/posts"}],"about":[{"href":"https:\/\/aidafolch.com\/en\/wp-json\/wp\/v2\/types\/post"}],"author":[{"embeddable":true,"href":"https:\/\/aidafolch.com\/en\/wp-json\/wp\/v2\/users\/1"}],"replies":[{"embeddable":true,"href":"https:\/\/aidafolch.com\/en\/wp-json\/wp\/v2\/comments?post=23590"}],"version-history":[{"count":10,"href":"https:\/\/aidafolch.com\/en\/wp-json\/wp\/v2\/posts\/23590\/revisions"}],"predecessor-version":[{"id":23597,"href":"https:\/\/aidafolch.com\/en\/wp-json\/wp\/v2\/posts\/23590\/revisions\/23597"}],"wp:featuredmedia":[{"embeddable":true,"href":"https:\/\/aidafolch.com\/en\/wp-json\/wp\/v2\/media\/23574"}],"wp:attachment":[{"href":"https:\/\/aidafolch.com\/en\/wp-json\/wp\/v2\/media?parent=23590"}],"wp:term":[{"taxonomy":"category","embeddable":true,"href":"https:\/\/aidafolch.com\/en\/wp-json\/wp\/v2\/categories?post=23590"},{"taxonomy":"post_tag","embeddable":true,"href":"https:\/\/aidafolch.com\/en\/wp-json\/wp\/v2\/tags?post=23590"}],"curies":[{"name":"wp","href":"https:\/\/api.w.org\/{rel}","templated":true}]}}